{"id":675,"date":"2015-06-14T14:55:19","date_gmt":"2015-06-14T12:55:19","guid":{"rendered":"https:\/\/manolos.org\/manolos-food-participa-en-el-encuentro-de-bloggers-de-la-galeria-kaufhof\/"},"modified":"2024-10-21T12:13:10","modified_gmt":"2024-10-21T10:13:10","slug":"manolos-food-nimmt-am-treffen-der-blogger-der-galeria-kaufhof-teil","status":"publish","type":"post","link":"https:\/\/manolos.org\/de\/manolos-food-nimmt-am-treffen-der-blogger-der-galeria-kaufhof-teil\/","title":{"rendered":"Manolo\u2019s Food nimmt am Treffen der Blogger der Galeria Kaufhof teil"},"content":{"rendered":"<p>Die Mitarbeiter von Manolo\u2019s Food kochen eine Paella beim Treffen der Blogger der Galeria Kaufhof.<\/p>\n<p>Unter dem Titel \u201eBlogger-Camp 2015 Cook-Meet\u201c hat die Galeria Kaufhof die besten Blogger aus Deutschland an einem Tag zusammengef\u00fchrt, um die Wahrnehmung von Produkten und Marken zu erh\u00f6hen und vor allem um die Leidenschaft f\u00fcr das Kochen zu teilen und die Kreativit\u00e4t am Herd auszukosten.<\/p>\n<p>Manolo Diez de Sel, Gesch\u00e4ftsleiter von Manolo\u2019s Food, hat seine besten kulinarischen F\u00e4higkeiten mit einer leckeren Paella und exquisitem Gazpacho gezeigt.<\/p>\n<p><strong>[\u00a0<a title=\"Paella de marisco\" href=\"\/manolo23?p=36743\" target=\"_blank\" rel=\"noopener\">Siehe Paella Rezept<\/a>\u00a0] [\u00a0<a title=\"Gazpacho\" href=\"\/manolo23?p=36689\" target=\"_blank\" rel=\"noopener\">Siehe Gazpacho Rezept<\/a>\u00a0]<\/strong><\/p>\n","protected":false},"excerpt":{"rendered":"<p>Die Mitarbeiter von Manolo\u2019s Food kochen eine Paella beim Treffen der Blogger der Galeria Kaufhof. Unter dem Titel \u201eBlogger-Camp 2015 Cook-Meet\u201c hat die Galeria Kaufhof die besten Blogger aus Deutschland&#8230;<\/p>\n","protected":false},"author":1,"featured_media":294,"comment_status":"closed","ping_status":"closed","sticky":false,"template":"","format":"standard","meta":{"footnotes":""},"categories":[94],"tags":[],"class_list":{"0":"post-675","1":"post","2":"type-post","3":"status-publish","4":"format-standard","5":"has-post-thumbnail","7":"category-news-de"},"yoast_head":"<!-- This site is optimized with the Yoast SEO plugin v26.1.1 - https:\/\/yoast.com\/wordpress\/plugins\/seo\/ -->\n<title>Manolo\u2019s Food nimmt am Treffen der Blogger der Galeria Kaufhof teil - Manolo&#039;s Food<\/title>\n<meta name=\"robots\" content=\"index, follow, max-snippet:-1, max-image-preview:large, max-video-preview:-1\" \/>\n<link rel=\"canonical\" href=\"https:\/\/manolos.org\/de\/manolos-food-nimmt-am-treffen-der-blogger-der-galeria-kaufhof-teil\/\" \/>\n<meta property=\"og:locale\" content=\"de_DE\" \/>\n<meta property=\"og:type\" content=\"article\" \/>\n<meta property=\"og:title\" content=\"Manolo\u2019s Food nimmt am Treffen der Blogger der Galeria Kaufhof teil - Manolo&#039;s Food\" \/>\n<meta property=\"og:description\" content=\"Die Mitarbeiter von Manolo\u2019s Food kochen eine Paella beim Treffen der Blogger der Galeria Kaufhof. Unter dem Titel \u201eBlogger-Camp 2015 Cook-Meet\u201c hat die Galeria Kaufhof die besten Blogger aus Deutschland...\" \/>\n<meta property=\"og:url\" content=\"https:\/\/manolos.org\/de\/manolos-food-nimmt-am-treffen-der-blogger-der-galeria-kaufhof-teil\/\" \/>\n<meta property=\"og:site_name\" content=\"Manolo&#039;s Food\" \/>\n<meta property=\"article:publisher\" content=\"https:\/\/www.facebook.com\/andmore4you\" \/>\n<meta property=\"article:published_time\" content=\"2015-06-14T12:55:19+00:00\" \/>\n<meta property=\"article:modified_time\" content=\"2024-10-21T10:13:10+00:00\" \/>\n<meta property=\"og:image\" content=\"https:\/\/manolos.org\/wp-content\/uploads\/2024\/10\/encuentro-bloggers2.jpg\" \/>\n\t<meta property=\"og:image:width\" content=\"900\" \/>\n\t<meta property=\"og:image:height\" content=\"500\" \/>\n\t<meta property=\"og:image:type\" content=\"image\/jpeg\" \/>\n<meta name=\"author\" content=\"jordisoro\" \/>\n<meta name=\"twitter:card\" content=\"summary_large_image\" \/>\n<meta name=\"twitter:label1\" content=\"Verfasst von\" \/>\n\t<meta name=\"twitter:data1\" content=\"jordisoro\" \/>\n\t<meta name=\"twitter:label2\" content=\"Gesch\u00e4tzte Lesezeit\" \/>\n\t<meta name=\"twitter:data2\" content=\"1\u00a0Minute\" \/>\n<script type=\"application\/ld+json\" class=\"yoast-schema-graph\">{\"@context\":\"https:\/\/schema.org\",\"@graph\":[{\"@type\":\"Article\",\"@id\":\"https:\/\/manolos.org\/de\/manolos-food-nimmt-am-treffen-der-blogger-der-galeria-kaufhof-teil\/#article\",\"isPartOf\":{\"@id\":\"https:\/\/manolos.org\/de\/manolos-food-nimmt-am-treffen-der-blogger-der-galeria-kaufhof-teil\/\"},\"author\":{\"name\":\"jordisoro\",\"@id\":\"https:\/\/manolos.org\/de\/#\/schema\/person\/daae7bc5a1a4355413079630d837f8d0\"},\"headline\":\"Manolo\u2019s Food nimmt am Treffen der Blogger der Galeria Kaufhof teil\",\"datePublished\":\"2015-06-14T12:55:19+00:00\",\"dateModified\":\"2024-10-21T10:13:10+00:00\",\"mainEntityOfPage\":{\"@id\":\"https:\/\/manolos.org\/de\/manolos-food-nimmt-am-treffen-der-blogger-der-galeria-kaufhof-teil\/\"},\"wordCount\":106,\"publisher\":{\"@id\":\"https:\/\/manolos.org\/de\/#organization\"},\"image\":{\"@id\":\"https:\/\/manolos.org\/de\/manolos-food-nimmt-am-treffen-der-blogger-der-galeria-kaufhof-teil\/#primaryimage\"},\"thumbnailUrl\":\"https:\/\/manolos.org\/wp-content\/uploads\/2024\/10\/encuentro-bloggers2.jpg\",\"articleSection\":[\"News\"],\"inLanguage\":\"de\"},{\"@type\":\"WebPage\",\"@id\":\"https:\/\/manolos.org\/de\/manolos-food-nimmt-am-treffen-der-blogger-der-galeria-kaufhof-teil\/\",\"url\":\"https:\/\/manolos.org\/de\/manolos-food-nimmt-am-treffen-der-blogger-der-galeria-kaufhof-teil\/\",\"name\":\"Manolo\u2019s Food nimmt am Treffen der Blogger der Galeria Kaufhof teil - Manolo&#039;s Food\",\"isPartOf\":{\"@id\":\"https:\/\/manolos.org\/de\/#website\"},\"primaryImageOfPage\":{\"@id\":\"https:\/\/manolos.org\/de\/manolos-food-nimmt-am-treffen-der-blogger-der-galeria-kaufhof-teil\/#primaryimage\"},\"image\":{\"@id\":\"https:\/\/manolos.org\/de\/manolos-food-nimmt-am-treffen-der-blogger-der-galeria-kaufhof-teil\/#primaryimage\"},\"thumbnailUrl\":\"https:\/\/manolos.org\/wp-content\/uploads\/2024\/10\/encuentro-bloggers2.jpg\",\"datePublished\":\"2015-06-14T12:55:19+00:00\",\"dateModified\":\"2024-10-21T10:13:10+00:00\",\"breadcrumb\":{\"@id\":\"https:\/\/manolos.org\/de\/manolos-food-nimmt-am-treffen-der-blogger-der-galeria-kaufhof-teil\/#breadcrumb\"},\"inLanguage\":\"de\",\"potentialAction\":[{\"@type\":\"ReadAction\",\"target\":[\"https:\/\/manolos.org\/de\/manolos-food-nimmt-am-treffen-der-blogger-der-galeria-kaufhof-teil\/\"]}]},{\"@type\":\"ImageObject\",\"inLanguage\":\"de\",\"@id\":\"https:\/\/manolos.org\/de\/manolos-food-nimmt-am-treffen-der-blogger-der-galeria-kaufhof-teil\/#primaryimage\",\"url\":\"https:\/\/manolos.org\/wp-content\/uploads\/2024\/10\/encuentro-bloggers2.jpg\",\"contentUrl\":\"https:\/\/manolos.org\/wp-content\/uploads\/2024\/10\/encuentro-bloggers2.jpg\",\"width\":900,\"height\":500},{\"@type\":\"BreadcrumbList\",\"@id\":\"https:\/\/manolos.org\/de\/manolos-food-nimmt-am-treffen-der-blogger-der-galeria-kaufhof-teil\/#breadcrumb\",\"itemListElement\":[{\"@type\":\"ListItem\",\"position\":1,\"name\":\"Portada\",\"item\":\"https:\/\/manolos.org\/de\/\"},{\"@type\":\"ListItem\",\"position\":2,\"name\":\"Manolo\u2019s Food nimmt am Treffen der Blogger der Galeria Kaufhof teil\"}]},{\"@type\":\"WebSite\",\"@id\":\"https:\/\/manolos.org\/de\/#website\",\"url\":\"https:\/\/manolos.org\/de\/\",\"name\":\"Manolo's Food\",\"description\":\"\",\"publisher\":{\"@id\":\"https:\/\/manolos.org\/de\/#organization\"},\"potentialAction\":[{\"@type\":\"SearchAction\",\"target\":{\"@type\":\"EntryPoint\",\"urlTemplate\":\"https:\/\/manolos.org\/de\/?s={search_term_string}\"},\"query-input\":{\"@type\":\"PropertyValueSpecification\",\"valueRequired\":true,\"valueName\":\"search_term_string\"}}],\"inLanguage\":\"de\"},{\"@type\":\"Organization\",\"@id\":\"https:\/\/manolos.org\/de\/#organization\",\"name\":\"Manolo's Food\",\"url\":\"https:\/\/manolos.org\/de\/\",\"logo\":{\"@type\":\"ImageObject\",\"inLanguage\":\"de\",\"@id\":\"https:\/\/manolos.org\/de\/#\/schema\/logo\/image\/\",\"url\":\"https:\/\/manolos.org\/wp-content\/uploads\/2024\/10\/logo-manolo-2.png\",\"contentUrl\":\"https:\/\/manolos.org\/wp-content\/uploads\/2024\/10\/logo-manolo-2.png\",\"width\":287,\"height\":175,\"caption\":\"Manolo's Food\"},\"image\":{\"@id\":\"https:\/\/manolos.org\/de\/#\/schema\/logo\/image\/\"},\"sameAs\":[\"https:\/\/www.facebook.com\/andmore4you\",\"https:\/\/www.youtube.com\/andmore4you\"]},{\"@type\":\"Person\",\"@id\":\"https:\/\/manolos.org\/de\/#\/schema\/person\/daae7bc5a1a4355413079630d837f8d0\",\"name\":\"jordisoro\",\"sameAs\":[\"https:\/\/manolos.org\"],\"url\":\"https:\/\/manolos.org\/de\/author\/jordisoro\/\"}]}<\/script>\n<!-- \/ Yoast SEO plugin. -->","yoast_head_json":{"title":"Manolo\u2019s Food nimmt am Treffen der Blogger der Galeria Kaufhof teil - Manolo&#039;s Food","robots":{"index":"index","follow":"follow","max-snippet":"max-snippet:-1","max-image-preview":"max-image-preview:large","max-video-preview":"max-video-preview:-1"},"canonical":"https:\/\/manolos.org\/de\/manolos-food-nimmt-am-treffen-der-blogger-der-galeria-kaufhof-teil\/","og_locale":"de_DE","og_type":"article","og_title":"Manolo\u2019s Food nimmt am Treffen der Blogger der Galeria Kaufhof teil - Manolo&#039;s Food","og_description":"Die Mitarbeiter von Manolo\u2019s Food kochen eine Paella beim Treffen der Blogger der Galeria Kaufhof. Unter dem Titel \u201eBlogger-Camp 2015 Cook-Meet\u201c hat die Galeria Kaufhof die besten Blogger aus Deutschland...","og_url":"https:\/\/manolos.org\/de\/manolos-food-nimmt-am-treffen-der-blogger-der-galeria-kaufhof-teil\/","og_site_name":"Manolo&#039;s Food","article_publisher":"https:\/\/www.facebook.com\/andmore4you","article_published_time":"2015-06-14T12:55:19+00:00","article_modified_time":"2024-10-21T10:13:10+00:00","og_image":[{"width":900,"height":500,"url":"https:\/\/manolos.org\/wp-content\/uploads\/2024\/10\/encuentro-bloggers2.jpg","type":"image\/jpeg"}],"author":"jordisoro","twitter_card":"summary_large_image","twitter_misc":{"Verfasst von":"jordisoro","Gesch\u00e4tzte Lesezeit":"1\u00a0Minute"},"schema":{"@context":"https:\/\/schema.org","@graph":[{"@type":"Article","@id":"https:\/\/manolos.org\/de\/manolos-food-nimmt-am-treffen-der-blogger-der-galeria-kaufhof-teil\/#article","isPartOf":{"@id":"https:\/\/manolos.org\/de\/manolos-food-nimmt-am-treffen-der-blogger-der-galeria-kaufhof-teil\/"},"author":{"name":"jordisoro","@id":"https:\/\/manolos.org\/de\/#\/schema\/person\/daae7bc5a1a4355413079630d837f8d0"},"headline":"Manolo\u2019s Food nimmt am Treffen der Blogger der Galeria Kaufhof teil","datePublished":"2015-06-14T12:55:19+00:00","dateModified":"2024-10-21T10:13:10+00:00","mainEntityOfPage":{"@id":"https:\/\/manolos.org\/de\/manolos-food-nimmt-am-treffen-der-blogger-der-galeria-kaufhof-teil\/"},"wordCount":106,"publisher":{"@id":"https:\/\/manolos.org\/de\/#organization"},"image":{"@id":"https:\/\/manolos.org\/de\/manolos-food-nimmt-am-treffen-der-blogger-der-galeria-kaufhof-teil\/#primaryimage"},"thumbnailUrl":"https:\/\/manolos.org\/wp-content\/uploads\/2024\/10\/encuentro-bloggers2.jpg","articleSection":["News"],"inLanguage":"de"},{"@type":"WebPage","@id":"https:\/\/manolos.org\/de\/manolos-food-nimmt-am-treffen-der-blogger-der-galeria-kaufhof-teil\/","url":"https:\/\/manolos.org\/de\/manolos-food-nimmt-am-treffen-der-blogger-der-galeria-kaufhof-teil\/","name":"Manolo\u2019s Food nimmt am Treffen der Blogger der Galeria Kaufhof teil - Manolo&#039;s Food","isPartOf":{"@id":"https:\/\/manolos.org\/de\/#website"},"primaryImageOfPage":{"@id":"https:\/\/manolos.org\/de\/manolos-food-nimmt-am-treffen-der-blogger-der-galeria-kaufhof-teil\/#primaryimage"},"image":{"@id":"https:\/\/manolos.org\/de\/manolos-food-nimmt-am-treffen-der-blogger-der-galeria-kaufhof-teil\/#primaryimage"},"thumbnailUrl":"https:\/\/manolos.org\/wp-content\/uploads\/2024\/10\/encuentro-bloggers2.jpg","datePublished":"2015-06-14T12:55:19+00:00","dateModified":"2024-10-21T10:13:10+00:00","breadcrumb":{"@id":"https:\/\/manolos.org\/de\/manolos-food-nimmt-am-treffen-der-blogger-der-galeria-kaufhof-teil\/#breadcrumb"},"inLanguage":"de","potentialAction":[{"@type":"ReadAction","target":["https:\/\/manolos.org\/de\/manolos-food-nimmt-am-treffen-der-blogger-der-galeria-kaufhof-teil\/"]}]},{"@type":"ImageObject","inLanguage":"de","@id":"https:\/\/manolos.org\/de\/manolos-food-nimmt-am-treffen-der-blogger-der-galeria-kaufhof-teil\/#primaryimage","url":"https:\/\/manolos.org\/wp-content\/uploads\/2024\/10\/encuentro-bloggers2.jpg","contentUrl":"https:\/\/manolos.org\/wp-content\/uploads\/2024\/10\/encuentro-bloggers2.jpg","width":900,"height":500},{"@type":"BreadcrumbList","@id":"https:\/\/manolos.org\/de\/manolos-food-nimmt-am-treffen-der-blogger-der-galeria-kaufhof-teil\/#breadcrumb","itemListElement":[{"@type":"ListItem","position":1,"name":"Portada","item":"https:\/\/manolos.org\/de\/"},{"@type":"ListItem","position":2,"name":"Manolo\u2019s Food nimmt am Treffen der Blogger der Galeria Kaufhof teil"}]},{"@type":"WebSite","@id":"https:\/\/manolos.org\/de\/#website","url":"https:\/\/manolos.org\/de\/","name":"Manolo's Food","description":"","publisher":{"@id":"https:\/\/manolos.org\/de\/#organization"},"potentialAction":[{"@type":"SearchAction","target":{"@type":"EntryPoint","urlTemplate":"https:\/\/manolos.org\/de\/?s={search_term_string}"},"query-input":{"@type":"PropertyValueSpecification","valueRequired":true,"valueName":"search_term_string"}}],"inLanguage":"de"},{"@type":"Organization","@id":"https:\/\/manolos.org\/de\/#organization","name":"Manolo's Food","url":"https:\/\/manolos.org\/de\/","logo":{"@type":"ImageObject","inLanguage":"de","@id":"https:\/\/manolos.org\/de\/#\/schema\/logo\/image\/","url":"https:\/\/manolos.org\/wp-content\/uploads\/2024\/10\/logo-manolo-2.png","contentUrl":"https:\/\/manolos.org\/wp-content\/uploads\/2024\/10\/logo-manolo-2.png","width":287,"height":175,"caption":"Manolo's Food"},"image":{"@id":"https:\/\/manolos.org\/de\/#\/schema\/logo\/image\/"},"sameAs":["https:\/\/www.facebook.com\/andmore4you","https:\/\/www.youtube.com\/andmore4you"]},{"@type":"Person","@id":"https:\/\/manolos.org\/de\/#\/schema\/person\/daae7bc5a1a4355413079630d837f8d0","name":"jordisoro","sameAs":["https:\/\/manolos.org"],"url":"https:\/\/manolos.org\/de\/author\/jordisoro\/"}]}},"_links":{"self":[{"href":"https:\/\/manolos.org\/de\/wp-json\/wp\/v2\/posts\/675","targetHints":{"allow":["GET"]}}],"collection":[{"href":"https:\/\/manolos.org\/de\/wp-json\/wp\/v2\/posts"}],"about":[{"href":"https:\/\/manolos.org\/de\/wp-json\/wp\/v2\/types\/post"}],"author":[{"embeddable":true,"href":"https:\/\/manolos.org\/de\/wp-json\/wp\/v2\/users\/1"}],"replies":[{"embeddable":true,"href":"https:\/\/manolos.org\/de\/wp-json\/wp\/v2\/comments?post=675"}],"version-history":[{"count":1,"href":"https:\/\/manolos.org\/de\/wp-json\/wp\/v2\/posts\/675\/revisions"}],"predecessor-version":[{"id":764,"href":"https:\/\/manolos.org\/de\/wp-json\/wp\/v2\/posts\/675\/revisions\/764"}],"wp:featuredmedia":[{"embeddable":true,"href":"https:\/\/manolos.org\/de\/wp-json\/wp\/v2\/media\/294"}],"wp:attachment":[{"href":"https:\/\/manolos.org\/de\/wp-json\/wp\/v2\/media?parent=675"}],"wp:term":[{"taxonomy":"category","embeddable":true,"href":"https:\/\/manolos.org\/de\/wp-json\/wp\/v2\/categories?post=675"},{"taxonomy":"post_tag","embeddable":true,"href":"https:\/\/manolos.org\/de\/wp-json\/wp\/v2\/tags?post=675"}],"curies":[{"name":"wp","href":"https:\/\/api.w.org\/{rel}","templated":true}]}}