{"id":695,"date":"2016-07-05T15:07:51","date_gmt":"2016-07-05T13:07:51","guid":{"rendered":"https:\/\/manolos.org\/el-bloque-de-sal-en-espana-directo-de-television-espanola\/"},"modified":"2024-10-21T12:26:36","modified_gmt":"2024-10-21T10:26:36","slug":"der-salz-block-im-spanischen-fernsehen-espana-directo","status":"publish","type":"post","link":"https:\/\/manolos.org\/de\/der-salz-block-im-spanischen-fernsehen-espana-directo\/","title":{"rendered":"Der Salz-Block im spanischen Fernsehen \u201eEspa\u00f1a Directo\u201c"},"content":{"rendered":"<p><iframe loading=\"lazy\" title=\"YouTube video player\" src=\"https:\/\/www.youtube.com\/embed\/fajBOqWTrXA?si=DIHevgg1o16rGXTN\" width=\"560\" height=\"315\" frameborder=\"0\" allowfullscreen=\"allowfullscreen\"><\/iframe><\/p>\n<p>Am 23. Juni 2016 hat der spanische Nationalsender zur Primetime in seinem t\u00e4glichen Nachmittagsprogramm \u00fcber unsere innovative Art des Kochens mit unserem Persischen Salz-Block berichtet.<\/p>\n<p>In diesem Bericht k\u00f6nnen wir unsere Mitarbeiter, welche durch unser soziales Integrationsprogramm absolut qualifiziert sind, beim Verpacken der Salz-Bl\u00f6cke in unserer Fabrik in Barcelona sehen. Sie erkl\u00e4ren uns die vielen Vorteile und den Nutzen, der unser Salz-Block hat. Zum Einen kann man damit Fleisch, Fisch, Gem\u00fcse und Meeresfr\u00fcchte braten, zum Anderen auch Tartar, Carpaccio, Sushi, Salate, ger\u00e4ucherten Lachs, K\u00e4se, Desserts und Fr\u00fcchte kalt servieren. Die Handhabung ist sehr einfach und das Kochen darauf gesund. Um zu testen, wie k\u00f6stlich Speisen schmecken, die auf dem Salz-Block gebraten wurden, haben wir am Ende der Reportage noch gemeinsam gegrillt.<\/p>\n","protected":false},"excerpt":{"rendered":"<p>Am 23. Juni 2016 hat der spanische Nationalsender zur Primetime in seinem t\u00e4glichen Nachmittagsprogramm \u00fcber unsere innovative Art des Kochens mit unserem Persischen Salz-Block berichtet. In diesem Bericht k\u00f6nnen wir&#8230;<\/p>\n","protected":false},"author":1,"featured_media":345,"comment_status":"closed","ping_status":"closed","sticky":false,"template":"","format":"standard","meta":{"footnotes":""},"categories":[94],"tags":[],"class_list":{"0":"post-695","1":"post","2":"type-post","3":"status-publish","4":"format-standard","5":"has-post-thumbnail","7":"category-news-de"},"yoast_head":"<!-- This site is optimized with the Yoast SEO plugin v26.1.1 - https:\/\/yoast.com\/wordpress\/plugins\/seo\/ -->\n<title>Der Salz-Block im spanischen Fernsehen \u201eEspa\u00f1a Directo\u201c - Manolo&#039;s Food<\/title>\n<meta name=\"robots\" content=\"index, follow, max-snippet:-1, max-image-preview:large, max-video-preview:-1\" \/>\n<link rel=\"canonical\" href=\"https:\/\/manolos.org\/de\/der-salz-block-im-spanischen-fernsehen-espana-directo\/\" \/>\n<meta property=\"og:locale\" content=\"de_DE\" \/>\n<meta property=\"og:type\" content=\"article\" \/>\n<meta property=\"og:title\" content=\"Der Salz-Block im spanischen Fernsehen \u201eEspa\u00f1a Directo\u201c - Manolo&#039;s Food\" \/>\n<meta property=\"og:description\" content=\"Am 23. Juni 2016 hat der spanische Nationalsender zur Primetime in seinem t\u00e4glichen Nachmittagsprogramm \u00fcber unsere innovative Art des Kochens mit unserem Persischen Salz-Block berichtet. In diesem Bericht k\u00f6nnen wir...\" \/>\n<meta property=\"og:url\" content=\"https:\/\/manolos.org\/de\/der-salz-block-im-spanischen-fernsehen-espana-directo\/\" \/>\n<meta property=\"og:site_name\" content=\"Manolo&#039;s Food\" \/>\n<meta property=\"article:publisher\" content=\"https:\/\/www.facebook.com\/andmore4you\" \/>\n<meta property=\"article:published_time\" content=\"2016-07-05T13:07:51+00:00\" \/>\n<meta property=\"article:modified_time\" content=\"2024-10-21T10:26:36+00:00\" \/>\n<meta property=\"og:image\" content=\"https:\/\/manolos.org\/wp-content\/uploads\/2024\/10\/saltblock-timeline.jpg\" \/>\n\t<meta property=\"og:image:width\" content=\"1800\" \/>\n\t<meta property=\"og:image:height\" content=\"1000\" \/>\n\t<meta property=\"og:image:type\" content=\"image\/jpeg\" \/>\n<meta name=\"author\" content=\"jordisoro\" \/>\n<meta name=\"twitter:card\" content=\"summary_large_image\" \/>\n<meta name=\"twitter:label1\" content=\"Verfasst von\" \/>\n\t<meta name=\"twitter:data1\" content=\"jordisoro\" \/>\n\t<meta name=\"twitter:label2\" content=\"Gesch\u00e4tzte Lesezeit\" \/>\n\t<meta name=\"twitter:data2\" content=\"1\u00a0Minute\" \/>\n<script type=\"application\/ld+json\" class=\"yoast-schema-graph\">{\"@context\":\"https:\/\/schema.org\",\"@graph\":[{\"@type\":\"Article\",\"@id\":\"https:\/\/manolos.org\/de\/der-salz-block-im-spanischen-fernsehen-espana-directo\/#article\",\"isPartOf\":{\"@id\":\"https:\/\/manolos.org\/de\/der-salz-block-im-spanischen-fernsehen-espana-directo\/\"},\"author\":{\"name\":\"jordisoro\",\"@id\":\"https:\/\/manolos.org\/de\/#\/schema\/person\/daae7bc5a1a4355413079630d837f8d0\"},\"headline\":\"Der Salz-Block im spanischen Fernsehen \u201eEspa\u00f1a Directo\u201c\",\"datePublished\":\"2016-07-05T13:07:51+00:00\",\"dateModified\":\"2024-10-21T10:26:36+00:00\",\"mainEntityOfPage\":{\"@id\":\"https:\/\/manolos.org\/de\/der-salz-block-im-spanischen-fernsehen-espana-directo\/\"},\"wordCount\":137,\"publisher\":{\"@id\":\"https:\/\/manolos.org\/de\/#organization\"},\"image\":{\"@id\":\"https:\/\/manolos.org\/de\/der-salz-block-im-spanischen-fernsehen-espana-directo\/#primaryimage\"},\"thumbnailUrl\":\"https:\/\/manolos.org\/wp-content\/uploads\/2024\/10\/saltblock-timeline.jpg\",\"articleSection\":[\"News\"],\"inLanguage\":\"de\"},{\"@type\":\"WebPage\",\"@id\":\"https:\/\/manolos.org\/de\/der-salz-block-im-spanischen-fernsehen-espana-directo\/\",\"url\":\"https:\/\/manolos.org\/de\/der-salz-block-im-spanischen-fernsehen-espana-directo\/\",\"name\":\"Der Salz-Block im spanischen Fernsehen \u201eEspa\u00f1a Directo\u201c - Manolo&#039;s Food\",\"isPartOf\":{\"@id\":\"https:\/\/manolos.org\/de\/#website\"},\"primaryImageOfPage\":{\"@id\":\"https:\/\/manolos.org\/de\/der-salz-block-im-spanischen-fernsehen-espana-directo\/#primaryimage\"},\"image\":{\"@id\":\"https:\/\/manolos.org\/de\/der-salz-block-im-spanischen-fernsehen-espana-directo\/#primaryimage\"},\"thumbnailUrl\":\"https:\/\/manolos.org\/wp-content\/uploads\/2024\/10\/saltblock-timeline.jpg\",\"datePublished\":\"2016-07-05T13:07:51+00:00\",\"dateModified\":\"2024-10-21T10:26:36+00:00\",\"breadcrumb\":{\"@id\":\"https:\/\/manolos.org\/de\/der-salz-block-im-spanischen-fernsehen-espana-directo\/#breadcrumb\"},\"inLanguage\":\"de\",\"potentialAction\":[{\"@type\":\"ReadAction\",\"target\":[\"https:\/\/manolos.org\/de\/der-salz-block-im-spanischen-fernsehen-espana-directo\/\"]}]},{\"@type\":\"ImageObject\",\"inLanguage\":\"de\",\"@id\":\"https:\/\/manolos.org\/de\/der-salz-block-im-spanischen-fernsehen-espana-directo\/#primaryimage\",\"url\":\"https:\/\/manolos.org\/wp-content\/uploads\/2024\/10\/saltblock-timeline.jpg\",\"contentUrl\":\"https:\/\/manolos.org\/wp-content\/uploads\/2024\/10\/saltblock-timeline.jpg\",\"width\":1800,\"height\":1000},{\"@type\":\"BreadcrumbList\",\"@id\":\"https:\/\/manolos.org\/de\/der-salz-block-im-spanischen-fernsehen-espana-directo\/#breadcrumb\",\"itemListElement\":[{\"@type\":\"ListItem\",\"position\":1,\"name\":\"Portada\",\"item\":\"https:\/\/manolos.org\/de\/\"},{\"@type\":\"ListItem\",\"position\":2,\"name\":\"Der Salz-Block im spanischen Fernsehen \u201eEspa\u00f1a Directo\u201c\"}]},{\"@type\":\"WebSite\",\"@id\":\"https:\/\/manolos.org\/de\/#website\",\"url\":\"https:\/\/manolos.org\/de\/\",\"name\":\"Manolo's Food\",\"description\":\"\",\"publisher\":{\"@id\":\"https:\/\/manolos.org\/de\/#organization\"},\"potentialAction\":[{\"@type\":\"SearchAction\",\"target\":{\"@type\":\"EntryPoint\",\"urlTemplate\":\"https:\/\/manolos.org\/de\/?s={search_term_string}\"},\"query-input\":{\"@type\":\"PropertyValueSpecification\",\"valueRequired\":true,\"valueName\":\"search_term_string\"}}],\"inLanguage\":\"de\"},{\"@type\":\"Organization\",\"@id\":\"https:\/\/manolos.org\/de\/#organization\",\"name\":\"Manolo's Food\",\"url\":\"https:\/\/manolos.org\/de\/\",\"logo\":{\"@type\":\"ImageObject\",\"inLanguage\":\"de\",\"@id\":\"https:\/\/manolos.org\/de\/#\/schema\/logo\/image\/\",\"url\":\"https:\/\/manolos.org\/wp-content\/uploads\/2024\/10\/logo-manolo-2.png\",\"contentUrl\":\"https:\/\/manolos.org\/wp-content\/uploads\/2024\/10\/logo-manolo-2.png\",\"width\":287,\"height\":175,\"caption\":\"Manolo's Food\"},\"image\":{\"@id\":\"https:\/\/manolos.org\/de\/#\/schema\/logo\/image\/\"},\"sameAs\":[\"https:\/\/www.facebook.com\/andmore4you\",\"https:\/\/www.youtube.com\/andmore4you\"]},{\"@type\":\"Person\",\"@id\":\"https:\/\/manolos.org\/de\/#\/schema\/person\/daae7bc5a1a4355413079630d837f8d0\",\"name\":\"jordisoro\",\"sameAs\":[\"https:\/\/manolos.org\"],\"url\":\"https:\/\/manolos.org\/de\/author\/jordisoro\/\"}]}<\/script>\n<!-- \/ Yoast SEO plugin. -->","yoast_head_json":{"title":"Der Salz-Block im spanischen Fernsehen \u201eEspa\u00f1a Directo\u201c - Manolo&#039;s Food","robots":{"index":"index","follow":"follow","max-snippet":"max-snippet:-1","max-image-preview":"max-image-preview:large","max-video-preview":"max-video-preview:-1"},"canonical":"https:\/\/manolos.org\/de\/der-salz-block-im-spanischen-fernsehen-espana-directo\/","og_locale":"de_DE","og_type":"article","og_title":"Der Salz-Block im spanischen Fernsehen \u201eEspa\u00f1a Directo\u201c - Manolo&#039;s Food","og_description":"Am 23. Juni 2016 hat der spanische Nationalsender zur Primetime in seinem t\u00e4glichen Nachmittagsprogramm \u00fcber unsere innovative Art des Kochens mit unserem Persischen Salz-Block berichtet. In diesem Bericht k\u00f6nnen wir...","og_url":"https:\/\/manolos.org\/de\/der-salz-block-im-spanischen-fernsehen-espana-directo\/","og_site_name":"Manolo&#039;s Food","article_publisher":"https:\/\/www.facebook.com\/andmore4you","article_published_time":"2016-07-05T13:07:51+00:00","article_modified_time":"2024-10-21T10:26:36+00:00","og_image":[{"width":1800,"height":1000,"url":"https:\/\/manolos.org\/wp-content\/uploads\/2024\/10\/saltblock-timeline.jpg","type":"image\/jpeg"}],"author":"jordisoro","twitter_card":"summary_large_image","twitter_misc":{"Verfasst von":"jordisoro","Gesch\u00e4tzte Lesezeit":"1\u00a0Minute"},"schema":{"@context":"https:\/\/schema.org","@graph":[{"@type":"Article","@id":"https:\/\/manolos.org\/de\/der-salz-block-im-spanischen-fernsehen-espana-directo\/#article","isPartOf":{"@id":"https:\/\/manolos.org\/de\/der-salz-block-im-spanischen-fernsehen-espana-directo\/"},"author":{"name":"jordisoro","@id":"https:\/\/manolos.org\/de\/#\/schema\/person\/daae7bc5a1a4355413079630d837f8d0"},"headline":"Der Salz-Block im spanischen Fernsehen \u201eEspa\u00f1a Directo\u201c","datePublished":"2016-07-05T13:07:51+00:00","dateModified":"2024-10-21T10:26:36+00:00","mainEntityOfPage":{"@id":"https:\/\/manolos.org\/de\/der-salz-block-im-spanischen-fernsehen-espana-directo\/"},"wordCount":137,"publisher":{"@id":"https:\/\/manolos.org\/de\/#organization"},"image":{"@id":"https:\/\/manolos.org\/de\/der-salz-block-im-spanischen-fernsehen-espana-directo\/#primaryimage"},"thumbnailUrl":"https:\/\/manolos.org\/wp-content\/uploads\/2024\/10\/saltblock-timeline.jpg","articleSection":["News"],"inLanguage":"de"},{"@type":"WebPage","@id":"https:\/\/manolos.org\/de\/der-salz-block-im-spanischen-fernsehen-espana-directo\/","url":"https:\/\/manolos.org\/de\/der-salz-block-im-spanischen-fernsehen-espana-directo\/","name":"Der Salz-Block im spanischen Fernsehen \u201eEspa\u00f1a Directo\u201c - Manolo&#039;s Food","isPartOf":{"@id":"https:\/\/manolos.org\/de\/#website"},"primaryImageOfPage":{"@id":"https:\/\/manolos.org\/de\/der-salz-block-im-spanischen-fernsehen-espana-directo\/#primaryimage"},"image":{"@id":"https:\/\/manolos.org\/de\/der-salz-block-im-spanischen-fernsehen-espana-directo\/#primaryimage"},"thumbnailUrl":"https:\/\/manolos.org\/wp-content\/uploads\/2024\/10\/saltblock-timeline.jpg","datePublished":"2016-07-05T13:07:51+00:00","dateModified":"2024-10-21T10:26:36+00:00","breadcrumb":{"@id":"https:\/\/manolos.org\/de\/der-salz-block-im-spanischen-fernsehen-espana-directo\/#breadcrumb"},"inLanguage":"de","potentialAction":[{"@type":"ReadAction","target":["https:\/\/manolos.org\/de\/der-salz-block-im-spanischen-fernsehen-espana-directo\/"]}]},{"@type":"ImageObject","inLanguage":"de","@id":"https:\/\/manolos.org\/de\/der-salz-block-im-spanischen-fernsehen-espana-directo\/#primaryimage","url":"https:\/\/manolos.org\/wp-content\/uploads\/2024\/10\/saltblock-timeline.jpg","contentUrl":"https:\/\/manolos.org\/wp-content\/uploads\/2024\/10\/saltblock-timeline.jpg","width":1800,"height":1000},{"@type":"BreadcrumbList","@id":"https:\/\/manolos.org\/de\/der-salz-block-im-spanischen-fernsehen-espana-directo\/#breadcrumb","itemListElement":[{"@type":"ListItem","position":1,"name":"Portada","item":"https:\/\/manolos.org\/de\/"},{"@type":"ListItem","position":2,"name":"Der Salz-Block im spanischen Fernsehen \u201eEspa\u00f1a Directo\u201c"}]},{"@type":"WebSite","@id":"https:\/\/manolos.org\/de\/#website","url":"https:\/\/manolos.org\/de\/","name":"Manolo's Food","description":"","publisher":{"@id":"https:\/\/manolos.org\/de\/#organization"},"potentialAction":[{"@type":"SearchAction","target":{"@type":"EntryPoint","urlTemplate":"https:\/\/manolos.org\/de\/?s={search_term_string}"},"query-input":{"@type":"PropertyValueSpecification","valueRequired":true,"valueName":"search_term_string"}}],"inLanguage":"de"},{"@type":"Organization","@id":"https:\/\/manolos.org\/de\/#organization","name":"Manolo's Food","url":"https:\/\/manolos.org\/de\/","logo":{"@type":"ImageObject","inLanguage":"de","@id":"https:\/\/manolos.org\/de\/#\/schema\/logo\/image\/","url":"https:\/\/manolos.org\/wp-content\/uploads\/2024\/10\/logo-manolo-2.png","contentUrl":"https:\/\/manolos.org\/wp-content\/uploads\/2024\/10\/logo-manolo-2.png","width":287,"height":175,"caption":"Manolo's Food"},"image":{"@id":"https:\/\/manolos.org\/de\/#\/schema\/logo\/image\/"},"sameAs":["https:\/\/www.facebook.com\/andmore4you","https:\/\/www.youtube.com\/andmore4you"]},{"@type":"Person","@id":"https:\/\/manolos.org\/de\/#\/schema\/person\/daae7bc5a1a4355413079630d837f8d0","name":"jordisoro","sameAs":["https:\/\/manolos.org"],"url":"https:\/\/manolos.org\/de\/author\/jordisoro\/"}]}},"_links":{"self":[{"href":"https:\/\/manolos.org\/de\/wp-json\/wp\/v2\/posts\/695","targetHints":{"allow":["GET"]}}],"collection":[{"href":"https:\/\/manolos.org\/de\/wp-json\/wp\/v2\/posts"}],"about":[{"href":"https:\/\/manolos.org\/de\/wp-json\/wp\/v2\/types\/post"}],"author":[{"embeddable":true,"href":"https:\/\/manolos.org\/de\/wp-json\/wp\/v2\/users\/1"}],"replies":[{"embeddable":true,"href":"https:\/\/manolos.org\/de\/wp-json\/wp\/v2\/comments?post=695"}],"version-history":[{"count":1,"href":"https:\/\/manolos.org\/de\/wp-json\/wp\/v2\/posts\/695\/revisions"}],"predecessor-version":[{"id":776,"href":"https:\/\/manolos.org\/de\/wp-json\/wp\/v2\/posts\/695\/revisions\/776"}],"wp:featuredmedia":[{"embeddable":true,"href":"https:\/\/manolos.org\/de\/wp-json\/wp\/v2\/media\/345"}],"wp:attachment":[{"href":"https:\/\/manolos.org\/de\/wp-json\/wp\/v2\/media?parent=695"}],"wp:term":[{"taxonomy":"category","embeddable":true,"href":"https:\/\/manolos.org\/de\/wp-json\/wp\/v2\/categories?post=695"},{"taxonomy":"post_tag","embeddable":true,"href":"https:\/\/manolos.org\/de\/wp-json\/wp\/v2\/tags?post=695"}],"curies":[{"name":"wp","href":"https:\/\/api.w.org\/{rel}","templated":true}]}}