{"id":701,"date":"2017-03-01T15:14:38","date_gmt":"2017-03-01T14:14:38","guid":{"rendered":"https:\/\/manolos.org\/nuestro-dulce-paso-por-la-feria-ism-2017-en-colonia\/"},"modified":"2024-10-21T12:29:50","modified_gmt":"2024-10-21T10:29:50","slug":"unsere-suesse-zeit-auf-der-ism-messe-2017-in-koeln","status":"publish","type":"post","link":"https:\/\/manolos.org\/de\/unsere-suesse-zeit-auf-der-ism-messe-2017-in-koeln\/","title":{"rendered":"Unsere s\u00fc\u00dfe Zeit auf der ISM Messe 2017 in K\u00f6ln"},"content":{"rendered":"<p><strong>Vom 29. Januar bis 1. Februar 2017\u00a0<\/strong>haben wir in K\u00f6ln\/Deutschland allen Naschkatzen und\u00a0\u00a0Snack- Liebhabern eine gro\u00dfe Vielfalt geboten.\u00a0\u00a0Als Distributor\u00a0\u00a0wurde Manolo\u2018s Food auf der Messe auch von zwei seiner Lieferanten begleitet:\u00a0\u00a0\u201eRoyal\u201c\u00a0\u00a0von der Mondelez Gruppe und \u201eKiwa\u201c.<\/p>\n<p>An unserem s\u00fc\u00dfen Stand wurden leckere\u00a0<strong>Kuchen, Cookies und Muffins<\/strong>\u00a0unserer Marke\u00a0<strong>Sweet &amp; More<\/strong> verkostet. Als Kontrast zum S\u00fc\u00dfen boten wir unsere <strong>Brote<\/strong> von Tasty &amp; More an. Auf der Messe haben wir au\u00dferdem unsere neuen Produkte pr\u00e4sentiert: <u>Pizza und Focaccia,\u00a0<\/u>einfach zum Selbermachen f\u00fcr zu Hause.<\/p>\n<p>Mit unserem Slogan: <strong>\u201cGourmet for Everyone\u201c<\/strong> haben wir die Herzen unserer Besucher erreicht, die gerne &#8222;ein St\u00fcck von uns&#8220; mitnahmen.<\/p>\n","protected":false},"excerpt":{"rendered":"<p>Vom 29. Januar bis 1. Februar 2017\u00a0haben wir in K\u00f6ln\/Deutschland allen Naschkatzen und\u00a0\u00a0Snack- Liebhabern eine gro\u00dfe Vielfalt geboten.\u00a0\u00a0Als Distributor\u00a0\u00a0wurde Manolo\u2018s Food auf der Messe auch von zwei seiner Lieferanten begleitet:\u00a0\u00a0\u201eRoyal\u201c\u00a0\u00a0von&#8230;<\/p>\n","protected":false},"author":1,"featured_media":360,"comment_status":"closed","ping_status":"closed","sticky":false,"template":"","format":"standard","meta":{"footnotes":""},"categories":[94],"tags":[],"class_list":{"0":"post-701","1":"post","2":"type-post","3":"status-publish","4":"format-standard","5":"has-post-thumbnail","7":"category-news-de"},"yoast_head":"<!-- This site is optimized with the Yoast SEO plugin v26.1.1 - https:\/\/yoast.com\/wordpress\/plugins\/seo\/ -->\n<title>Unsere s\u00fc\u00dfe Zeit auf der ISM Messe 2017 in K\u00f6ln - Manolo&#039;s Food<\/title>\n<meta name=\"robots\" content=\"index, follow, max-snippet:-1, max-image-preview:large, max-video-preview:-1\" \/>\n<link rel=\"canonical\" href=\"https:\/\/manolos.org\/de\/unsere-suesse-zeit-auf-der-ism-messe-2017-in-koeln\/\" \/>\n<meta property=\"og:locale\" content=\"de_DE\" \/>\n<meta property=\"og:type\" content=\"article\" \/>\n<meta property=\"og:title\" content=\"Unsere s\u00fc\u00dfe Zeit auf der ISM Messe 2017 in K\u00f6ln - Manolo&#039;s Food\" \/>\n<meta property=\"og:description\" content=\"Vom 29. Januar bis 1. Februar 2017\u00a0haben wir in K\u00f6ln\/Deutschland allen Naschkatzen und\u00a0\u00a0Snack- Liebhabern eine gro\u00dfe Vielfalt geboten.\u00a0\u00a0Als Distributor\u00a0\u00a0wurde Manolo\u2018s Food auf der Messe auch von zwei seiner Lieferanten begleitet:\u00a0\u00a0\u201eRoyal\u201c\u00a0\u00a0von...\" \/>\n<meta property=\"og:url\" content=\"https:\/\/manolos.org\/de\/unsere-suesse-zeit-auf-der-ism-messe-2017-in-koeln\/\" \/>\n<meta property=\"og:site_name\" content=\"Manolo&#039;s Food\" \/>\n<meta property=\"article:publisher\" content=\"https:\/\/www.facebook.com\/andmore4you\" \/>\n<meta property=\"article:published_time\" content=\"2017-03-01T14:14:38+00:00\" \/>\n<meta property=\"article:modified_time\" content=\"2024-10-21T10:29:50+00:00\" \/>\n<meta property=\"og:image\" content=\"https:\/\/manolos.org\/wp-content\/uploads\/2024\/10\/stand-2-para-Manolos.jpg\" \/>\n\t<meta property=\"og:image:width\" content=\"1165\" \/>\n\t<meta property=\"og:image:height\" content=\"616\" \/>\n\t<meta property=\"og:image:type\" content=\"image\/jpeg\" \/>\n<meta name=\"author\" content=\"jordisoro\" \/>\n<meta name=\"twitter:card\" content=\"summary_large_image\" \/>\n<meta name=\"twitter:label1\" content=\"Verfasst von\" \/>\n\t<meta name=\"twitter:data1\" content=\"jordisoro\" \/>\n\t<meta name=\"twitter:label2\" content=\"Gesch\u00e4tzte Lesezeit\" \/>\n\t<meta name=\"twitter:data2\" content=\"1\u00a0Minute\" \/>\n<script type=\"application\/ld+json\" class=\"yoast-schema-graph\">{\"@context\":\"https:\/\/schema.org\",\"@graph\":[{\"@type\":\"Article\",\"@id\":\"https:\/\/manolos.org\/de\/unsere-suesse-zeit-auf-der-ism-messe-2017-in-koeln\/#article\",\"isPartOf\":{\"@id\":\"https:\/\/manolos.org\/de\/unsere-suesse-zeit-auf-der-ism-messe-2017-in-koeln\/\"},\"author\":{\"name\":\"jordisoro\",\"@id\":\"https:\/\/manolos.org\/de\/#\/schema\/person\/daae7bc5a1a4355413079630d837f8d0\"},\"headline\":\"Unsere s\u00fc\u00dfe Zeit auf der ISM Messe 2017 in K\u00f6ln\",\"datePublished\":\"2017-03-01T14:14:38+00:00\",\"dateModified\":\"2024-10-21T10:29:50+00:00\",\"mainEntityOfPage\":{\"@id\":\"https:\/\/manolos.org\/de\/unsere-suesse-zeit-auf-der-ism-messe-2017-in-koeln\/\"},\"wordCount\":127,\"publisher\":{\"@id\":\"https:\/\/manolos.org\/de\/#organization\"},\"image\":{\"@id\":\"https:\/\/manolos.org\/de\/unsere-suesse-zeit-auf-der-ism-messe-2017-in-koeln\/#primaryimage\"},\"thumbnailUrl\":\"https:\/\/manolos.org\/wp-content\/uploads\/2024\/10\/stand-2-para-Manolos.jpg\",\"articleSection\":[\"News\"],\"inLanguage\":\"de\"},{\"@type\":\"WebPage\",\"@id\":\"https:\/\/manolos.org\/de\/unsere-suesse-zeit-auf-der-ism-messe-2017-in-koeln\/\",\"url\":\"https:\/\/manolos.org\/de\/unsere-suesse-zeit-auf-der-ism-messe-2017-in-koeln\/\",\"name\":\"Unsere s\u00fc\u00dfe Zeit auf der ISM Messe 2017 in K\u00f6ln - Manolo&#039;s Food\",\"isPartOf\":{\"@id\":\"https:\/\/manolos.org\/de\/#website\"},\"primaryImageOfPage\":{\"@id\":\"https:\/\/manolos.org\/de\/unsere-suesse-zeit-auf-der-ism-messe-2017-in-koeln\/#primaryimage\"},\"image\":{\"@id\":\"https:\/\/manolos.org\/de\/unsere-suesse-zeit-auf-der-ism-messe-2017-in-koeln\/#primaryimage\"},\"thumbnailUrl\":\"https:\/\/manolos.org\/wp-content\/uploads\/2024\/10\/stand-2-para-Manolos.jpg\",\"datePublished\":\"2017-03-01T14:14:38+00:00\",\"dateModified\":\"2024-10-21T10:29:50+00:00\",\"breadcrumb\":{\"@id\":\"https:\/\/manolos.org\/de\/unsere-suesse-zeit-auf-der-ism-messe-2017-in-koeln\/#breadcrumb\"},\"inLanguage\":\"de\",\"potentialAction\":[{\"@type\":\"ReadAction\",\"target\":[\"https:\/\/manolos.org\/de\/unsere-suesse-zeit-auf-der-ism-messe-2017-in-koeln\/\"]}]},{\"@type\":\"ImageObject\",\"inLanguage\":\"de\",\"@id\":\"https:\/\/manolos.org\/de\/unsere-suesse-zeit-auf-der-ism-messe-2017-in-koeln\/#primaryimage\",\"url\":\"https:\/\/manolos.org\/wp-content\/uploads\/2024\/10\/stand-2-para-Manolos.jpg\",\"contentUrl\":\"https:\/\/manolos.org\/wp-content\/uploads\/2024\/10\/stand-2-para-Manolos.jpg\",\"width\":1165,\"height\":616},{\"@type\":\"BreadcrumbList\",\"@id\":\"https:\/\/manolos.org\/de\/unsere-suesse-zeit-auf-der-ism-messe-2017-in-koeln\/#breadcrumb\",\"itemListElement\":[{\"@type\":\"ListItem\",\"position\":1,\"name\":\"Portada\",\"item\":\"https:\/\/manolos.org\/de\/\"},{\"@type\":\"ListItem\",\"position\":2,\"name\":\"Unsere s\u00fc\u00dfe Zeit auf der ISM Messe 2017 in K\u00f6ln\"}]},{\"@type\":\"WebSite\",\"@id\":\"https:\/\/manolos.org\/de\/#website\",\"url\":\"https:\/\/manolos.org\/de\/\",\"name\":\"Manolo's Food\",\"description\":\"\",\"publisher\":{\"@id\":\"https:\/\/manolos.org\/de\/#organization\"},\"potentialAction\":[{\"@type\":\"SearchAction\",\"target\":{\"@type\":\"EntryPoint\",\"urlTemplate\":\"https:\/\/manolos.org\/de\/?s={search_term_string}\"},\"query-input\":{\"@type\":\"PropertyValueSpecification\",\"valueRequired\":true,\"valueName\":\"search_term_string\"}}],\"inLanguage\":\"de\"},{\"@type\":\"Organization\",\"@id\":\"https:\/\/manolos.org\/de\/#organization\",\"name\":\"Manolo's Food\",\"url\":\"https:\/\/manolos.org\/de\/\",\"logo\":{\"@type\":\"ImageObject\",\"inLanguage\":\"de\",\"@id\":\"https:\/\/manolos.org\/de\/#\/schema\/logo\/image\/\",\"url\":\"https:\/\/manolos.org\/wp-content\/uploads\/2024\/10\/logo-manolo-2.png\",\"contentUrl\":\"https:\/\/manolos.org\/wp-content\/uploads\/2024\/10\/logo-manolo-2.png\",\"width\":287,\"height\":175,\"caption\":\"Manolo's Food\"},\"image\":{\"@id\":\"https:\/\/manolos.org\/de\/#\/schema\/logo\/image\/\"},\"sameAs\":[\"https:\/\/www.facebook.com\/andmore4you\",\"https:\/\/www.youtube.com\/andmore4you\"]},{\"@type\":\"Person\",\"@id\":\"https:\/\/manolos.org\/de\/#\/schema\/person\/daae7bc5a1a4355413079630d837f8d0\",\"name\":\"jordisoro\",\"sameAs\":[\"https:\/\/manolos.org\"],\"url\":\"https:\/\/manolos.org\/de\/author\/jordisoro\/\"}]}<\/script>\n<!-- \/ Yoast SEO plugin. -->","yoast_head_json":{"title":"Unsere s\u00fc\u00dfe Zeit auf der ISM Messe 2017 in K\u00f6ln - Manolo&#039;s Food","robots":{"index":"index","follow":"follow","max-snippet":"max-snippet:-1","max-image-preview":"max-image-preview:large","max-video-preview":"max-video-preview:-1"},"canonical":"https:\/\/manolos.org\/de\/unsere-suesse-zeit-auf-der-ism-messe-2017-in-koeln\/","og_locale":"de_DE","og_type":"article","og_title":"Unsere s\u00fc\u00dfe Zeit auf der ISM Messe 2017 in K\u00f6ln - Manolo&#039;s Food","og_description":"Vom 29. Januar bis 1. Februar 2017\u00a0haben wir in K\u00f6ln\/Deutschland allen Naschkatzen und\u00a0\u00a0Snack- Liebhabern eine gro\u00dfe Vielfalt geboten.\u00a0\u00a0Als Distributor\u00a0\u00a0wurde Manolo\u2018s Food auf der Messe auch von zwei seiner Lieferanten begleitet:\u00a0\u00a0\u201eRoyal\u201c\u00a0\u00a0von...","og_url":"https:\/\/manolos.org\/de\/unsere-suesse-zeit-auf-der-ism-messe-2017-in-koeln\/","og_site_name":"Manolo&#039;s Food","article_publisher":"https:\/\/www.facebook.com\/andmore4you","article_published_time":"2017-03-01T14:14:38+00:00","article_modified_time":"2024-10-21T10:29:50+00:00","og_image":[{"width":1165,"height":616,"url":"https:\/\/manolos.org\/wp-content\/uploads\/2024\/10\/stand-2-para-Manolos.jpg","type":"image\/jpeg"}],"author":"jordisoro","twitter_card":"summary_large_image","twitter_misc":{"Verfasst von":"jordisoro","Gesch\u00e4tzte Lesezeit":"1\u00a0Minute"},"schema":{"@context":"https:\/\/schema.org","@graph":[{"@type":"Article","@id":"https:\/\/manolos.org\/de\/unsere-suesse-zeit-auf-der-ism-messe-2017-in-koeln\/#article","isPartOf":{"@id":"https:\/\/manolos.org\/de\/unsere-suesse-zeit-auf-der-ism-messe-2017-in-koeln\/"},"author":{"name":"jordisoro","@id":"https:\/\/manolos.org\/de\/#\/schema\/person\/daae7bc5a1a4355413079630d837f8d0"},"headline":"Unsere s\u00fc\u00dfe Zeit auf der ISM Messe 2017 in K\u00f6ln","datePublished":"2017-03-01T14:14:38+00:00","dateModified":"2024-10-21T10:29:50+00:00","mainEntityOfPage":{"@id":"https:\/\/manolos.org\/de\/unsere-suesse-zeit-auf-der-ism-messe-2017-in-koeln\/"},"wordCount":127,"publisher":{"@id":"https:\/\/manolos.org\/de\/#organization"},"image":{"@id":"https:\/\/manolos.org\/de\/unsere-suesse-zeit-auf-der-ism-messe-2017-in-koeln\/#primaryimage"},"thumbnailUrl":"https:\/\/manolos.org\/wp-content\/uploads\/2024\/10\/stand-2-para-Manolos.jpg","articleSection":["News"],"inLanguage":"de"},{"@type":"WebPage","@id":"https:\/\/manolos.org\/de\/unsere-suesse-zeit-auf-der-ism-messe-2017-in-koeln\/","url":"https:\/\/manolos.org\/de\/unsere-suesse-zeit-auf-der-ism-messe-2017-in-koeln\/","name":"Unsere s\u00fc\u00dfe Zeit auf der ISM Messe 2017 in K\u00f6ln - Manolo&#039;s Food","isPartOf":{"@id":"https:\/\/manolos.org\/de\/#website"},"primaryImageOfPage":{"@id":"https:\/\/manolos.org\/de\/unsere-suesse-zeit-auf-der-ism-messe-2017-in-koeln\/#primaryimage"},"image":{"@id":"https:\/\/manolos.org\/de\/unsere-suesse-zeit-auf-der-ism-messe-2017-in-koeln\/#primaryimage"},"thumbnailUrl":"https:\/\/manolos.org\/wp-content\/uploads\/2024\/10\/stand-2-para-Manolos.jpg","datePublished":"2017-03-01T14:14:38+00:00","dateModified":"2024-10-21T10:29:50+00:00","breadcrumb":{"@id":"https:\/\/manolos.org\/de\/unsere-suesse-zeit-auf-der-ism-messe-2017-in-koeln\/#breadcrumb"},"inLanguage":"de","potentialAction":[{"@type":"ReadAction","target":["https:\/\/manolos.org\/de\/unsere-suesse-zeit-auf-der-ism-messe-2017-in-koeln\/"]}]},{"@type":"ImageObject","inLanguage":"de","@id":"https:\/\/manolos.org\/de\/unsere-suesse-zeit-auf-der-ism-messe-2017-in-koeln\/#primaryimage","url":"https:\/\/manolos.org\/wp-content\/uploads\/2024\/10\/stand-2-para-Manolos.jpg","contentUrl":"https:\/\/manolos.org\/wp-content\/uploads\/2024\/10\/stand-2-para-Manolos.jpg","width":1165,"height":616},{"@type":"BreadcrumbList","@id":"https:\/\/manolos.org\/de\/unsere-suesse-zeit-auf-der-ism-messe-2017-in-koeln\/#breadcrumb","itemListElement":[{"@type":"ListItem","position":1,"name":"Portada","item":"https:\/\/manolos.org\/de\/"},{"@type":"ListItem","position":2,"name":"Unsere s\u00fc\u00dfe Zeit auf der ISM Messe 2017 in K\u00f6ln"}]},{"@type":"WebSite","@id":"https:\/\/manolos.org\/de\/#website","url":"https:\/\/manolos.org\/de\/","name":"Manolo's Food","description":"","publisher":{"@id":"https:\/\/manolos.org\/de\/#organization"},"potentialAction":[{"@type":"SearchAction","target":{"@type":"EntryPoint","urlTemplate":"https:\/\/manolos.org\/de\/?s={search_term_string}"},"query-input":{"@type":"PropertyValueSpecification","valueRequired":true,"valueName":"search_term_string"}}],"inLanguage":"de"},{"@type":"Organization","@id":"https:\/\/manolos.org\/de\/#organization","name":"Manolo's Food","url":"https:\/\/manolos.org\/de\/","logo":{"@type":"ImageObject","inLanguage":"de","@id":"https:\/\/manolos.org\/de\/#\/schema\/logo\/image\/","url":"https:\/\/manolos.org\/wp-content\/uploads\/2024\/10\/logo-manolo-2.png","contentUrl":"https:\/\/manolos.org\/wp-content\/uploads\/2024\/10\/logo-manolo-2.png","width":287,"height":175,"caption":"Manolo's Food"},"image":{"@id":"https:\/\/manolos.org\/de\/#\/schema\/logo\/image\/"},"sameAs":["https:\/\/www.facebook.com\/andmore4you","https:\/\/www.youtube.com\/andmore4you"]},{"@type":"Person","@id":"https:\/\/manolos.org\/de\/#\/schema\/person\/daae7bc5a1a4355413079630d837f8d0","name":"jordisoro","sameAs":["https:\/\/manolos.org"],"url":"https:\/\/manolos.org\/de\/author\/jordisoro\/"}]}},"_links":{"self":[{"href":"https:\/\/manolos.org\/de\/wp-json\/wp\/v2\/posts\/701","targetHints":{"allow":["GET"]}}],"collection":[{"href":"https:\/\/manolos.org\/de\/wp-json\/wp\/v2\/posts"}],"about":[{"href":"https:\/\/manolos.org\/de\/wp-json\/wp\/v2\/types\/post"}],"author":[{"embeddable":true,"href":"https:\/\/manolos.org\/de\/wp-json\/wp\/v2\/users\/1"}],"replies":[{"embeddable":true,"href":"https:\/\/manolos.org\/de\/wp-json\/wp\/v2\/comments?post=701"}],"version-history":[{"count":1,"href":"https:\/\/manolos.org\/de\/wp-json\/wp\/v2\/posts\/701\/revisions"}],"predecessor-version":[{"id":780,"href":"https:\/\/manolos.org\/de\/wp-json\/wp\/v2\/posts\/701\/revisions\/780"}],"wp:featuredmedia":[{"embeddable":true,"href":"https:\/\/manolos.org\/de\/wp-json\/wp\/v2\/media\/360"}],"wp:attachment":[{"href":"https:\/\/manolos.org\/de\/wp-json\/wp\/v2\/media?parent=701"}],"wp:term":[{"taxonomy":"category","embeddable":true,"href":"https:\/\/manolos.org\/de\/wp-json\/wp\/v2\/categories?post=701"},{"taxonomy":"post_tag","embeddable":true,"href":"https:\/\/manolos.org\/de\/wp-json\/wp\/v2\/tags?post=701"}],"curies":[{"name":"wp","href":"https:\/\/api.w.org\/{rel}","templated":true}]}}