{"id":705,"date":"2017-03-16T15:16:47","date_gmt":"2017-03-16T14:16:47","guid":{"rendered":"https:\/\/manolos.org\/disfruta-con-manolos-food-de-los-special-olympics-world-winter-games\/"},"modified":"2024-10-21T12:31:56","modified_gmt":"2024-10-21T10:31:56","slug":"geniesse-mit-manolos-food-die-special-olympics-world-winter-games","status":"publish","type":"post","link":"https:\/\/manolos.org\/de\/geniesse-mit-manolos-food-die-special-olympics-world-winter-games\/","title":{"rendered":"Genie\u00dfe mit Manolo\u00b4s Food die \u201eSpecial Olympics World Winter Games\u201c!"},"content":{"rendered":"<p>Dieses Jahr finden die Special Olympics World Winter Games vom\u00a0<strong>14. bis 25. M\u00e4rz 2017<\/strong>\u00a0in der\u00a0<strong>Steiermark\/\u00d6sterreich<\/strong>\u00a0statt.<\/p>\n<p>Es ist uns ein Bed\u00fcrfnis, die soziale Integration von Menschen mit Beeintr\u00e4chtigungen zu f\u00f6rdern und dies bei der Herstellung unserer Produkte auch bereits tagt\u00e4glich umzusetzen. Aus diesem Grund freuen wir uns umso mehr, bekannt geben zu d\u00fcrfen, o<strong>ffizieller Sponsor der Spanischen Delegation der Special Olympics<\/strong>\u00a0zu sein.<\/p>\n<p>Wir f\u00fchlen uns geehrt, Teil dieses Events zu sein und\u00a0<strong>freuen uns daher \u00fcber jeden Besucher<\/strong>! Der Eintritt zu allen Sportbewerben, Siegerehrungen, Olympic Town \u2013 Olympics Festival ist f\u00fcr alle FREI! Lediglich f\u00fcr die Er\u00f6ffnungs- und Schlussfeier m\u00fcssen Eintrittskarten erworben werden.<\/p>\n<p>Um mehr Informationen zu diesem Event zu bekommen, besuche die\u00a0<strong>offizielle Webseite<\/strong>\u00a0<a href=\"http:\/\/www.austria2017.org\/de\/\">http:\/\/www.austria2017.org\/de\/<\/a>\u00a0oder\u00a0<strong>klicke hier, um das offizielle Statement<\/strong>\u00a0der Spanischen Delegation der Special Olympics zu sehen.<\/p>\n<p>Wir freuen uns auf dich!<\/p>\n","protected":false},"excerpt":{"rendered":"<p>Dieses Jahr finden die Special Olympics World Winter Games vom\u00a014. bis 25. M\u00e4rz 2017\u00a0in der\u00a0Steiermark\/\u00d6sterreich\u00a0statt. Es ist uns ein Bed\u00fcrfnis, die soziale Integration von Menschen mit Beeintr\u00e4chtigungen zu f\u00f6rdern und&#8230;<\/p>\n","protected":false},"author":1,"featured_media":365,"comment_status":"closed","ping_status":"closed","sticky":false,"template":"","format":"standard","meta":{"footnotes":""},"categories":[94],"tags":[],"class_list":{"0":"post-705","1":"post","2":"type-post","3":"status-publish","4":"format-standard","5":"has-post-thumbnail","7":"category-news-de"},"yoast_head":"<!-- This site is optimized with the Yoast SEO plugin v26.1.1 - https:\/\/yoast.com\/wordpress\/plugins\/seo\/ -->\n<title>Genie\u00dfe mit Manolo\u00b4s Food die \u201eSpecial Olympics World Winter Games\u201c! - Manolo&#039;s Food<\/title>\n<meta name=\"robots\" content=\"index, follow, max-snippet:-1, max-image-preview:large, max-video-preview:-1\" \/>\n<link rel=\"canonical\" href=\"https:\/\/manolos.org\/de\/geniesse-mit-manolos-food-die-special-olympics-world-winter-games\/\" \/>\n<meta property=\"og:locale\" content=\"de_DE\" \/>\n<meta property=\"og:type\" content=\"article\" \/>\n<meta property=\"og:title\" content=\"Genie\u00dfe mit Manolo\u00b4s Food die \u201eSpecial Olympics World Winter Games\u201c! - Manolo&#039;s Food\" \/>\n<meta property=\"og:description\" content=\"Dieses Jahr finden die Special Olympics World Winter Games vom\u00a014. bis 25. M\u00e4rz 2017\u00a0in der\u00a0Steiermark\/\u00d6sterreich\u00a0statt. Es ist uns ein Bed\u00fcrfnis, die soziale Integration von Menschen mit Beeintr\u00e4chtigungen zu f\u00f6rdern und...\" \/>\n<meta property=\"og:url\" content=\"https:\/\/manolos.org\/de\/geniesse-mit-manolos-food-die-special-olympics-world-winter-games\/\" \/>\n<meta property=\"og:site_name\" content=\"Manolo&#039;s Food\" \/>\n<meta property=\"article:publisher\" content=\"https:\/\/www.facebook.com\/andmore4you\" \/>\n<meta property=\"article:published_time\" content=\"2017-03-16T14:16:47+00:00\" \/>\n<meta property=\"article:modified_time\" content=\"2024-10-21T10:31:56+00:00\" \/>\n<meta property=\"og:image\" content=\"https:\/\/manolos.org\/wp-content\/uploads\/2024\/10\/special-timeline.jpg\" \/>\n\t<meta property=\"og:image:width\" content=\"1800\" \/>\n\t<meta property=\"og:image:height\" content=\"1000\" \/>\n\t<meta property=\"og:image:type\" content=\"image\/jpeg\" \/>\n<meta name=\"author\" content=\"jordisoro\" \/>\n<meta name=\"twitter:card\" content=\"summary_large_image\" \/>\n<meta name=\"twitter:label1\" content=\"Verfasst von\" \/>\n\t<meta name=\"twitter:data1\" content=\"jordisoro\" \/>\n\t<meta name=\"twitter:label2\" content=\"Gesch\u00e4tzte Lesezeit\" \/>\n\t<meta name=\"twitter:data2\" content=\"1\u00a0Minute\" \/>\n<script type=\"application\/ld+json\" class=\"yoast-schema-graph\">{\"@context\":\"https:\/\/schema.org\",\"@graph\":[{\"@type\":\"Article\",\"@id\":\"https:\/\/manolos.org\/de\/geniesse-mit-manolos-food-die-special-olympics-world-winter-games\/#article\",\"isPartOf\":{\"@id\":\"https:\/\/manolos.org\/de\/geniesse-mit-manolos-food-die-special-olympics-world-winter-games\/\"},\"author\":{\"name\":\"jordisoro\",\"@id\":\"https:\/\/manolos.org\/de\/#\/schema\/person\/daae7bc5a1a4355413079630d837f8d0\"},\"headline\":\"Genie\u00dfe mit Manolo\u00b4s Food die \u201eSpecial Olympics World Winter Games\u201c!\",\"datePublished\":\"2017-03-16T14:16:47+00:00\",\"dateModified\":\"2024-10-21T10:31:56+00:00\",\"mainEntityOfPage\":{\"@id\":\"https:\/\/manolos.org\/de\/geniesse-mit-manolos-food-die-special-olympics-world-winter-games\/\"},\"wordCount\":164,\"publisher\":{\"@id\":\"https:\/\/manolos.org\/de\/#organization\"},\"image\":{\"@id\":\"https:\/\/manolos.org\/de\/geniesse-mit-manolos-food-die-special-olympics-world-winter-games\/#primaryimage\"},\"thumbnailUrl\":\"https:\/\/manolos.org\/wp-content\/uploads\/2024\/10\/special-timeline.jpg\",\"articleSection\":[\"News\"],\"inLanguage\":\"de\"},{\"@type\":\"WebPage\",\"@id\":\"https:\/\/manolos.org\/de\/geniesse-mit-manolos-food-die-special-olympics-world-winter-games\/\",\"url\":\"https:\/\/manolos.org\/de\/geniesse-mit-manolos-food-die-special-olympics-world-winter-games\/\",\"name\":\"Genie\u00dfe mit Manolo\u00b4s Food die \u201eSpecial Olympics World Winter Games\u201c! - Manolo&#039;s Food\",\"isPartOf\":{\"@id\":\"https:\/\/manolos.org\/de\/#website\"},\"primaryImageOfPage\":{\"@id\":\"https:\/\/manolos.org\/de\/geniesse-mit-manolos-food-die-special-olympics-world-winter-games\/#primaryimage\"},\"image\":{\"@id\":\"https:\/\/manolos.org\/de\/geniesse-mit-manolos-food-die-special-olympics-world-winter-games\/#primaryimage\"},\"thumbnailUrl\":\"https:\/\/manolos.org\/wp-content\/uploads\/2024\/10\/special-timeline.jpg\",\"datePublished\":\"2017-03-16T14:16:47+00:00\",\"dateModified\":\"2024-10-21T10:31:56+00:00\",\"breadcrumb\":{\"@id\":\"https:\/\/manolos.org\/de\/geniesse-mit-manolos-food-die-special-olympics-world-winter-games\/#breadcrumb\"},\"inLanguage\":\"de\",\"potentialAction\":[{\"@type\":\"ReadAction\",\"target\":[\"https:\/\/manolos.org\/de\/geniesse-mit-manolos-food-die-special-olympics-world-winter-games\/\"]}]},{\"@type\":\"ImageObject\",\"inLanguage\":\"de\",\"@id\":\"https:\/\/manolos.org\/de\/geniesse-mit-manolos-food-die-special-olympics-world-winter-games\/#primaryimage\",\"url\":\"https:\/\/manolos.org\/wp-content\/uploads\/2024\/10\/special-timeline.jpg\",\"contentUrl\":\"https:\/\/manolos.org\/wp-content\/uploads\/2024\/10\/special-timeline.jpg\",\"width\":1800,\"height\":1000},{\"@type\":\"BreadcrumbList\",\"@id\":\"https:\/\/manolos.org\/de\/geniesse-mit-manolos-food-die-special-olympics-world-winter-games\/#breadcrumb\",\"itemListElement\":[{\"@type\":\"ListItem\",\"position\":1,\"name\":\"Portada\",\"item\":\"https:\/\/manolos.org\/de\/\"},{\"@type\":\"ListItem\",\"position\":2,\"name\":\"Genie\u00dfe mit Manolo\u00b4s Food die \u201eSpecial Olympics World Winter Games\u201c!\"}]},{\"@type\":\"WebSite\",\"@id\":\"https:\/\/manolos.org\/de\/#website\",\"url\":\"https:\/\/manolos.org\/de\/\",\"name\":\"Manolo's Food\",\"description\":\"\",\"publisher\":{\"@id\":\"https:\/\/manolos.org\/de\/#organization\"},\"potentialAction\":[{\"@type\":\"SearchAction\",\"target\":{\"@type\":\"EntryPoint\",\"urlTemplate\":\"https:\/\/manolos.org\/de\/?s={search_term_string}\"},\"query-input\":{\"@type\":\"PropertyValueSpecification\",\"valueRequired\":true,\"valueName\":\"search_term_string\"}}],\"inLanguage\":\"de\"},{\"@type\":\"Organization\",\"@id\":\"https:\/\/manolos.org\/de\/#organization\",\"name\":\"Manolo's Food\",\"url\":\"https:\/\/manolos.org\/de\/\",\"logo\":{\"@type\":\"ImageObject\",\"inLanguage\":\"de\",\"@id\":\"https:\/\/manolos.org\/de\/#\/schema\/logo\/image\/\",\"url\":\"https:\/\/manolos.org\/wp-content\/uploads\/2024\/10\/logo-manolo-2.png\",\"contentUrl\":\"https:\/\/manolos.org\/wp-content\/uploads\/2024\/10\/logo-manolo-2.png\",\"width\":287,\"height\":175,\"caption\":\"Manolo's Food\"},\"image\":{\"@id\":\"https:\/\/manolos.org\/de\/#\/schema\/logo\/image\/\"},\"sameAs\":[\"https:\/\/www.facebook.com\/andmore4you\",\"https:\/\/www.youtube.com\/andmore4you\"]},{\"@type\":\"Person\",\"@id\":\"https:\/\/manolos.org\/de\/#\/schema\/person\/daae7bc5a1a4355413079630d837f8d0\",\"name\":\"jordisoro\",\"sameAs\":[\"https:\/\/manolos.org\"],\"url\":\"https:\/\/manolos.org\/de\/author\/jordisoro\/\"}]}<\/script>\n<!-- \/ Yoast SEO plugin. -->","yoast_head_json":{"title":"Genie\u00dfe mit Manolo\u00b4s Food die \u201eSpecial Olympics World Winter Games\u201c! - Manolo&#039;s Food","robots":{"index":"index","follow":"follow","max-snippet":"max-snippet:-1","max-image-preview":"max-image-preview:large","max-video-preview":"max-video-preview:-1"},"canonical":"https:\/\/manolos.org\/de\/geniesse-mit-manolos-food-die-special-olympics-world-winter-games\/","og_locale":"de_DE","og_type":"article","og_title":"Genie\u00dfe mit Manolo\u00b4s Food die \u201eSpecial Olympics World Winter Games\u201c! - Manolo&#039;s Food","og_description":"Dieses Jahr finden die Special Olympics World Winter Games vom\u00a014. bis 25. M\u00e4rz 2017\u00a0in der\u00a0Steiermark\/\u00d6sterreich\u00a0statt. Es ist uns ein Bed\u00fcrfnis, die soziale Integration von Menschen mit Beeintr\u00e4chtigungen zu f\u00f6rdern und...","og_url":"https:\/\/manolos.org\/de\/geniesse-mit-manolos-food-die-special-olympics-world-winter-games\/","og_site_name":"Manolo&#039;s Food","article_publisher":"https:\/\/www.facebook.com\/andmore4you","article_published_time":"2017-03-16T14:16:47+00:00","article_modified_time":"2024-10-21T10:31:56+00:00","og_image":[{"width":1800,"height":1000,"url":"https:\/\/manolos.org\/wp-content\/uploads\/2024\/10\/special-timeline.jpg","type":"image\/jpeg"}],"author":"jordisoro","twitter_card":"summary_large_image","twitter_misc":{"Verfasst von":"jordisoro","Gesch\u00e4tzte Lesezeit":"1\u00a0Minute"},"schema":{"@context":"https:\/\/schema.org","@graph":[{"@type":"Article","@id":"https:\/\/manolos.org\/de\/geniesse-mit-manolos-food-die-special-olympics-world-winter-games\/#article","isPartOf":{"@id":"https:\/\/manolos.org\/de\/geniesse-mit-manolos-food-die-special-olympics-world-winter-games\/"},"author":{"name":"jordisoro","@id":"https:\/\/manolos.org\/de\/#\/schema\/person\/daae7bc5a1a4355413079630d837f8d0"},"headline":"Genie\u00dfe mit Manolo\u00b4s Food die \u201eSpecial Olympics World Winter Games\u201c!","datePublished":"2017-03-16T14:16:47+00:00","dateModified":"2024-10-21T10:31:56+00:00","mainEntityOfPage":{"@id":"https:\/\/manolos.org\/de\/geniesse-mit-manolos-food-die-special-olympics-world-winter-games\/"},"wordCount":164,"publisher":{"@id":"https:\/\/manolos.org\/de\/#organization"},"image":{"@id":"https:\/\/manolos.org\/de\/geniesse-mit-manolos-food-die-special-olympics-world-winter-games\/#primaryimage"},"thumbnailUrl":"https:\/\/manolos.org\/wp-content\/uploads\/2024\/10\/special-timeline.jpg","articleSection":["News"],"inLanguage":"de"},{"@type":"WebPage","@id":"https:\/\/manolos.org\/de\/geniesse-mit-manolos-food-die-special-olympics-world-winter-games\/","url":"https:\/\/manolos.org\/de\/geniesse-mit-manolos-food-die-special-olympics-world-winter-games\/","name":"Genie\u00dfe mit Manolo\u00b4s Food die \u201eSpecial Olympics World Winter Games\u201c! - Manolo&#039;s Food","isPartOf":{"@id":"https:\/\/manolos.org\/de\/#website"},"primaryImageOfPage":{"@id":"https:\/\/manolos.org\/de\/geniesse-mit-manolos-food-die-special-olympics-world-winter-games\/#primaryimage"},"image":{"@id":"https:\/\/manolos.org\/de\/geniesse-mit-manolos-food-die-special-olympics-world-winter-games\/#primaryimage"},"thumbnailUrl":"https:\/\/manolos.org\/wp-content\/uploads\/2024\/10\/special-timeline.jpg","datePublished":"2017-03-16T14:16:47+00:00","dateModified":"2024-10-21T10:31:56+00:00","breadcrumb":{"@id":"https:\/\/manolos.org\/de\/geniesse-mit-manolos-food-die-special-olympics-world-winter-games\/#breadcrumb"},"inLanguage":"de","potentialAction":[{"@type":"ReadAction","target":["https:\/\/manolos.org\/de\/geniesse-mit-manolos-food-die-special-olympics-world-winter-games\/"]}]},{"@type":"ImageObject","inLanguage":"de","@id":"https:\/\/manolos.org\/de\/geniesse-mit-manolos-food-die-special-olympics-world-winter-games\/#primaryimage","url":"https:\/\/manolos.org\/wp-content\/uploads\/2024\/10\/special-timeline.jpg","contentUrl":"https:\/\/manolos.org\/wp-content\/uploads\/2024\/10\/special-timeline.jpg","width":1800,"height":1000},{"@type":"BreadcrumbList","@id":"https:\/\/manolos.org\/de\/geniesse-mit-manolos-food-die-special-olympics-world-winter-games\/#breadcrumb","itemListElement":[{"@type":"ListItem","position":1,"name":"Portada","item":"https:\/\/manolos.org\/de\/"},{"@type":"ListItem","position":2,"name":"Genie\u00dfe mit Manolo\u00b4s Food die \u201eSpecial Olympics World Winter Games\u201c!"}]},{"@type":"WebSite","@id":"https:\/\/manolos.org\/de\/#website","url":"https:\/\/manolos.org\/de\/","name":"Manolo's Food","description":"","publisher":{"@id":"https:\/\/manolos.org\/de\/#organization"},"potentialAction":[{"@type":"SearchAction","target":{"@type":"EntryPoint","urlTemplate":"https:\/\/manolos.org\/de\/?s={search_term_string}"},"query-input":{"@type":"PropertyValueSpecification","valueRequired":true,"valueName":"search_term_string"}}],"inLanguage":"de"},{"@type":"Organization","@id":"https:\/\/manolos.org\/de\/#organization","name":"Manolo's Food","url":"https:\/\/manolos.org\/de\/","logo":{"@type":"ImageObject","inLanguage":"de","@id":"https:\/\/manolos.org\/de\/#\/schema\/logo\/image\/","url":"https:\/\/manolos.org\/wp-content\/uploads\/2024\/10\/logo-manolo-2.png","contentUrl":"https:\/\/manolos.org\/wp-content\/uploads\/2024\/10\/logo-manolo-2.png","width":287,"height":175,"caption":"Manolo's Food"},"image":{"@id":"https:\/\/manolos.org\/de\/#\/schema\/logo\/image\/"},"sameAs":["https:\/\/www.facebook.com\/andmore4you","https:\/\/www.youtube.com\/andmore4you"]},{"@type":"Person","@id":"https:\/\/manolos.org\/de\/#\/schema\/person\/daae7bc5a1a4355413079630d837f8d0","name":"jordisoro","sameAs":["https:\/\/manolos.org"],"url":"https:\/\/manolos.org\/de\/author\/jordisoro\/"}]}},"_links":{"self":[{"href":"https:\/\/manolos.org\/de\/wp-json\/wp\/v2\/posts\/705","targetHints":{"allow":["GET"]}}],"collection":[{"href":"https:\/\/manolos.org\/de\/wp-json\/wp\/v2\/posts"}],"about":[{"href":"https:\/\/manolos.org\/de\/wp-json\/wp\/v2\/types\/post"}],"author":[{"embeddable":true,"href":"https:\/\/manolos.org\/de\/wp-json\/wp\/v2\/users\/1"}],"replies":[{"embeddable":true,"href":"https:\/\/manolos.org\/de\/wp-json\/wp\/v2\/comments?post=705"}],"version-history":[{"count":2,"href":"https:\/\/manolos.org\/de\/wp-json\/wp\/v2\/posts\/705\/revisions"}],"predecessor-version":[{"id":782,"href":"https:\/\/manolos.org\/de\/wp-json\/wp\/v2\/posts\/705\/revisions\/782"}],"wp:featuredmedia":[{"embeddable":true,"href":"https:\/\/manolos.org\/de\/wp-json\/wp\/v2\/media\/365"}],"wp:attachment":[{"href":"https:\/\/manolos.org\/de\/wp-json\/wp\/v2\/media?parent=705"}],"wp:term":[{"taxonomy":"category","embeddable":true,"href":"https:\/\/manolos.org\/de\/wp-json\/wp\/v2\/categories?post=705"},{"taxonomy":"post_tag","embeddable":true,"href":"https:\/\/manolos.org\/de\/wp-json\/wp\/v2\/tags?post=705"}],"curies":[{"name":"wp","href":"https:\/\/api.w.org\/{rel}","templated":true}]}}